{"id":374,"date":"2025-12-15T08:33:27","date_gmt":"2025-12-15T07:33:27","guid":{"rendered":"http:\/\/10.101.10.35\/wordpress\/?p=374"},"modified":"2026-05-25T14:00:39","modified_gmt":"2026-05-25T12:00:39","slug":"starke-frauen-mein-interview-mit-unserer-oberbuergermeisterin-miriam-scherff","status":"publish","type":"post","link":"http:\/\/tuffistagespresse.gesamtschule-barmen.de\/index.php\/2025\/12\/15\/starke-frauen-mein-interview-mit-unserer-oberbuergermeisterin-miriam-scherff\/","title":{"rendered":"Starke Frauen &#8211; Mein Interview mit unserer Oberb\u00fcrgermeisterin Miriam Scherff (Lotte Behnfeld, 6e)"},"content":{"rendered":"\n<p class=\"wp-block-paragraph\" style=\"letter-spacing:1px\"><em><strong>Vor einigen Monaten habt ihr sie vermutlich noch selbst auf Wahlplakaten gesehen, mittlerweile ist sie seit Anfang November offiziell die Oberb\u00fcrgermeisterin der Stadt Wuppertal &#8211; und damit die j\u00fcngste Oberb\u00fcrgermeisterin Deutschlands: Miriam Scherff. Eine total starke Frau, finde ich! Begleitet mich ins Rathaus und sammelt gemeinsam mit mir Antworten auf interessante Fragen wie &#8222;Wer ist ihr gr\u00f6\u00dftes Vorbild?&#8220;, &#8222;Was macht man so im Alltag als Oberb\u00fcrgermeisterin?&#8220; und vieles mehr. Lest einfach rein und erfahrt es selbst!<\/strong><\/em><\/p>\n\n\n\n<figure class=\"wp-block-image aligncenter size-large\"><img loading=\"lazy\" decoding=\"async\" width=\"1024\" height=\"1021\" src=\"http:\/\/10.101.10.35\/wordpress\/wp-content\/uploads\/2025\/11\/FullSizeRender-1024x1021.jpeg\" alt=\"\" class=\"wp-image-383\" srcset=\"http:\/\/tuffistagespresse.gesamtschule-barmen.de\/wp-content\/uploads\/2025\/11\/FullSizeRender-1024x1021.jpeg 1024w, http:\/\/tuffistagespresse.gesamtschule-barmen.de\/wp-content\/uploads\/2025\/11\/FullSizeRender-300x300.jpeg 300w, http:\/\/tuffistagespresse.gesamtschule-barmen.de\/wp-content\/uploads\/2025\/11\/FullSizeRender-150x150.jpeg 150w, http:\/\/tuffistagespresse.gesamtschule-barmen.de\/wp-content\/uploads\/2025\/11\/FullSizeRender-768x766.jpeg 768w, http:\/\/tuffistagespresse.gesamtschule-barmen.de\/wp-content\/uploads\/2025\/11\/FullSizeRender-1536x1532.jpeg 1536w, http:\/\/tuffistagespresse.gesamtschule-barmen.de\/wp-content\/uploads\/2025\/11\/FullSizeRender-2048x2042.jpeg 2048w\" sizes=\"auto, (max-width: 1024px) 100vw, 1024px\" \/><\/figure>\n\n\n\n<p class=\"wp-block-paragraph\" style=\"line-height:1.6\">Hallo, mein Name ist Lotte und ich war am 19. November 2025 im Rathaus. Als ich angekommen bin, fuhr ich erstmal eine Runde Aufzug &#8211; aber nicht irgendeinen, sondern einen &#8222;Patanoster&#8220;. Das ist eine besondere Art Aufzug, aber dazu sp\u00e4ter mehr. Als ich mit dem Patanoster im 1. Stock angekommen bin, ging ich gemeinsam mit Herrn Klein ins Wartezimmer. Dort wurde ich direkt von der lieben Pia begr\u00fc\u00dft. Sie arbeitet im Rathaus und hat mir ein Glas Wasser angeboten. Nach einer kurzen Wartezeit wurde ich dann von Miriam Scherff abgeholt und durfte sie in ihr B\u00fcro begleiten. <\/p>\n\n\n\n<figure class=\"wp-block-image aligncenter size-full\"><img loading=\"lazy\" decoding=\"async\" width=\"1807\" height=\"2048\" src=\"http:\/\/10.101.10.35\/wordpress\/wp-content\/uploads\/2025\/11\/IMG_2761.jpeg\" alt=\"\" class=\"wp-image-414\" srcset=\"http:\/\/tuffistagespresse.gesamtschule-barmen.de\/wp-content\/uploads\/2025\/11\/IMG_2761.jpeg 1807w, http:\/\/tuffistagespresse.gesamtschule-barmen.de\/wp-content\/uploads\/2025\/11\/IMG_2761-265x300.jpeg 265w, http:\/\/tuffistagespresse.gesamtschule-barmen.de\/wp-content\/uploads\/2025\/11\/IMG_2761-904x1024.jpeg 904w, http:\/\/tuffistagespresse.gesamtschule-barmen.de\/wp-content\/uploads\/2025\/11\/IMG_2761-768x870.jpeg 768w, http:\/\/tuffistagespresse.gesamtschule-barmen.de\/wp-content\/uploads\/2025\/11\/IMG_2761-1355x1536.jpeg 1355w\" sizes=\"auto, (max-width: 1807px) 100vw, 1807px\" \/><\/figure>\n\n\n\n<p class=\"wp-block-paragraph\" style=\"line-height:1.6\"><strong>Bevor wir zu den Fragen kommen, zun\u00e4chst ein kleiner Steckbrief von ihr:<\/strong><\/p>\n\n\n\n<p class=\"wp-block-paragraph\" style=\"line-height:1.6\"><strong>Name:<\/strong> Miriam Scherff<br><strong>Alter:<\/strong> 36 Jahre<br><strong>Ausbildung:<\/strong> Kauffrau f\u00fcr Versicherungen und Finanzen<br><strong>Vorheriger Beruf:<\/strong> Leiterin Produkt- &amp; Prozessmanagement bei einem Softwarehersteller<br><strong>Hobbys:<\/strong> Ins Theater gehen und Sport treiben<\/p>\n\n\n\n<p class=\"wp-block-paragraph\" style=\"line-height:1.6\"><strong>Ist Miriam Scherff im Team Pippi Langstrumpf oder im Team Mary Poppins?<\/strong><\/p>\n\n\n\n<p class=\"wp-block-paragraph\" style=\"line-height:1.6\">Miriam Scherff ist im Team Pippi Langstrumpf, weil sie sie f\u00fcr eine bodenst\u00e4ndige, starke und selbstbewusste Frau h\u00e4lt.<\/p>\n\n\n\n<p class=\"wp-block-paragraph\" style=\"line-height:1.6\"><strong>Warum wollte sie B\u00fcrgermeisterin werden?<\/strong><\/p>\n\n\n\n<p class=\"wp-block-paragraph\" style=\"line-height:1.6\">Sie wollte B\u00fcrgermeisterin werden, weil ihr Wuppertal sehr am Herzen liegt. Au\u00dferdem sind ihr die Menschen in Wuppertal sehr wichtig und sie w\u00fcnscht sich, dass es ihnen gut geht und sie sich wohl in ihrer Stadt f\u00fchlen.<\/p>\n\n\n\n<p class=\"wp-block-paragraph\" style=\"line-height:1.6\"><strong>Welche Ziele verfolgt sie f\u00fcr unsere Stadt?<\/strong><\/p>\n\n\n\n<p class=\"wp-block-paragraph\" style=\"line-height:1.6\">Eines der wichtigsten Ziele sieht sie darin, die Sicherheit der B\u00fcrger*innen Wuppertals zu gew\u00e4hren. Aber auch die Belange von Kindern und Jugendlichen sind ihr sehr wichtig: Ihr ist es ein besonderes Anliegen, dass diese gesehen werden und ihre Bed\u00fcrfnisse Beachtung finden. In diesem Zusammenhang sind ihr Jugendrechte und deren Umsetzung eine Herzensangelegenheit.<\/p>\n\n\n\n<p class=\"wp-block-paragraph\" style=\"line-height:1.6\"><strong>Was macht eine Oberb\u00fcrgermeisterin eigentlich den ganzen Tag?<\/strong><\/p>\n\n\n\n<p class=\"wp-block-paragraph\" style=\"line-height:1.6\">Sie sagt, jeder Tag sei anders. Manchmal muss sie viele Termine wahrnehmen in unterschiedlichen Fachbereichen. Da sie noch neu in der Rolle als Oberb\u00fcrgermeisterin ist, verbringt sie aktuell noch viel Zeit damit, sich bei unterschiedlichen Personen vorzustellen. Momentan sei vieles noch in der &#8222;Findungsphase&#8220;, was bedeutet, dass sie noch viele neue Strukturen suchen muss.<\/p>\n\n\n\n<p class=\"wp-block-paragraph\" style=\"line-height:1.6\"><strong>Wie hat man als Oberb\u00fcrgermeisterin noch genug Zeit f\u00fcr Familie und Privatleben?<\/strong><\/p>\n\n\n\n<p class=\"wp-block-paragraph\" style=\"line-height:1.6\">Der Spagat zwischen Familie und Privatleben sowie ihrer Rolle als Oberb\u00fcrgermeisterin sei schwierig und bedarf einer guten Organisation, sagt sie. Sie schafft es, ihren Alltag so zu organisieren, dass immer jemand bei ihrer Tochter ist, so dass sie sich keine Sorgen um sie machen muss. Auch hat sie die M\u00f6glichkeit, sich manchmal frei nehmen zu k\u00f6nnen, um mit ihrer Familie Zeit zu verbringen. Sie gehen dann beispielsweise gerne alle zusammen ins Theater.<\/p>\n\n\n\n<p class=\"wp-block-paragraph\" style=\"line-height:1.6\"><strong>Was macht ihrer Meinung nach eine &#8222;starke Frau&#8220; aus?<\/strong><\/p>\n\n\n\n<p class=\"wp-block-paragraph\" style=\"line-height:1.6\">F\u00fcr Miriam Scherff ist es wichtig, dass sich eine &#8222;starke Frau&#8220; so gibt, wie sie ist und sich nicht verbiegt, um anderen zu gefallen und dass sie selbstbewusst ihren eigenen Interessen nachgeht. Auch ist es ihr wichtig, dass Frauen und M\u00e4nner gleichberechtigt sind.<\/p>\n\n\n\n<p class=\"wp-block-paragraph\" style=\"line-height:1.6\"><strong>Wer ist ihr gr\u00f6\u00dftes Vorbild?<\/strong><\/p>\n\n\n\n<p class=\"wp-block-paragraph\" style=\"line-height:1.6\">Sie erz\u00e4hlt, dass ihr Vater ein gro\u00dfes Vorbild f\u00fcr sie sei, da er sich schon lange f\u00fcr die Demokratie engagiert hat und sich f\u00fcr Menschen einsetzt. Er sei ein &#8222;Sozialdemokrat&#8220; (Person, die f\u00fcr eine gerechte Gesellschaft mit demokratischen Mitteln eintritt, basierend auf den Werten Freiheit, Gerechtigkeit und Zusammenhalt) und habe ihr diese Werte auch mitgegeben.<\/p>\n\n\n\n<p class=\"wp-block-paragraph\">Insgesamt hoffe ich, dass euch das Interview gefallen hat und ihr unsere Oberb\u00fcrgermeisterin Miriam Scherff ein wenig kennenlernen konntet. Ich hatte eine sch\u00f6ne Zeit im Rathaus und habe ein gutes Gef\u00fchl f\u00fcr unsere Stadt mit Miriam Scherff an der Spitze.<\/p>\n\n\n\n<figure class=\"wp-block-image size-full\"><img loading=\"lazy\" decoding=\"async\" width=\"618\" height=\"815\" src=\"http:\/\/tuffistagespresse.gesamtschule-barmen.de\/wp-content\/uploads\/2025\/11\/Screenshot-2025-12-15-144511.png\" alt=\"\" class=\"wp-image-489\" srcset=\"http:\/\/tuffistagespresse.gesamtschule-barmen.de\/wp-content\/uploads\/2025\/11\/Screenshot-2025-12-15-144511.png 618w, http:\/\/tuffistagespresse.gesamtschule-barmen.de\/wp-content\/uploads\/2025\/11\/Screenshot-2025-12-15-144511-227x300.png 227w\" sizes=\"auto, (max-width: 618px) 100vw, 618px\" \/><\/figure>\n\n\n\n<p class=\"wp-block-paragraph\">Weitere Informationen zum Patanoster: Der Patanoster im Rathaus Wuppertal Barmen existiert seit den 50er Jahren. Er hat 10 Kabinen und wurde 2015 zeitweise stillgelegt. Nun f\u00e4hrt er aber wieder mit einer Geschwindigkeit von 30cm pro Sekunde und verbindet f\u00fcnf Stockwerke. Er ist ein beliebtes Fotomotiv von Hochzeitspaaren, die im Rathaus heiraten.<\/p>\n\n\n\n<p class=\"wp-block-paragraph\"><\/p>\n","protected":false},"excerpt":{"rendered":"<p>Vor einigen Monaten habt ihr sie vermutlich noch selbst auf Wahlplakaten gesehen, mittlerweile ist sie seit Anfang November offiziell die Oberb\u00fcrgermeisterin der Stadt Wuppertal &#8211; und damit die j\u00fcngste Oberb\u00fcrgermeisterin Deutschlands: Miriam Scherff. Eine total starke Frau, finde ich! Begleitet mich ins Rathaus und sammelt gemeinsam mit mir Antworten auf interessante Fragen wie &#8222;Wer ist [&hellip;]<\/p>\n","protected":false},"author":11,"featured_media":378,"comment_status":"open","ping_status":"open","sticky":false,"template":"","format":"standard","meta":{"footnotes":""},"categories":[9,11],"tags":[],"class_list":["post-374","post","type-post","status-publish","format-standard","has-post-thumbnail","hentry","category-politikundgesellschaft","category-junior"],"_links":{"self":[{"href":"http:\/\/tuffistagespresse.gesamtschule-barmen.de\/index.php\/wp-json\/wp\/v2\/posts\/374","targetHints":{"allow":["GET"]}}],"collection":[{"href":"http:\/\/tuffistagespresse.gesamtschule-barmen.de\/index.php\/wp-json\/wp\/v2\/posts"}],"about":[{"href":"http:\/\/tuffistagespresse.gesamtschule-barmen.de\/index.php\/wp-json\/wp\/v2\/types\/post"}],"author":[{"embeddable":true,"href":"http:\/\/tuffistagespresse.gesamtschule-barmen.de\/index.php\/wp-json\/wp\/v2\/users\/11"}],"replies":[{"embeddable":true,"href":"http:\/\/tuffistagespresse.gesamtschule-barmen.de\/index.php\/wp-json\/wp\/v2\/comments?post=374"}],"version-history":[{"count":25,"href":"http:\/\/tuffistagespresse.gesamtschule-barmen.de\/index.php\/wp-json\/wp\/v2\/posts\/374\/revisions"}],"predecessor-version":[{"id":714,"href":"http:\/\/tuffistagespresse.gesamtschule-barmen.de\/index.php\/wp-json\/wp\/v2\/posts\/374\/revisions\/714"}],"wp:featuredmedia":[{"embeddable":true,"href":"http:\/\/tuffistagespresse.gesamtschule-barmen.de\/index.php\/wp-json\/wp\/v2\/media\/378"}],"wp:attachment":[{"href":"http:\/\/tuffistagespresse.gesamtschule-barmen.de\/index.php\/wp-json\/wp\/v2\/media?parent=374"}],"wp:term":[{"taxonomy":"category","embeddable":true,"href":"http:\/\/tuffistagespresse.gesamtschule-barmen.de\/index.php\/wp-json\/wp\/v2\/categories?post=374"},{"taxonomy":"post_tag","embeddable":true,"href":"http:\/\/tuffistagespresse.gesamtschule-barmen.de\/index.php\/wp-json\/wp\/v2\/tags?post=374"}],"curies":[{"name":"wp","href":"https:\/\/api.w.org\/{rel}","templated":true}]}}