{"id":619,"date":"2026-04-15T08:21:53","date_gmt":"2026-04-15T06:21:53","guid":{"rendered":"http:\/\/tuffistagespresse.gesamtschule-barmen.de\/?p=619"},"modified":"2026-05-25T13:54:07","modified_gmt":"2026-05-25T11:54:07","slug":"krieg-wehrpflicht-und-wir-was-die-weltlage-fuer-unsere-zukunft-bedeutet","status":"publish","type":"post","link":"http:\/\/tuffistagespresse.gesamtschule-barmen.de\/index.php\/2026\/04\/15\/krieg-wehrpflicht-und-wir-was-die-weltlage-fuer-unsere-zukunft-bedeutet\/","title":{"rendered":"Krieg, Wehrpflicht und wir: Was die Weltlage f\u00fcr unsere Zukunft bedeutet\u00a0"},"content":{"rendered":"\n<p class=\"wp-block-paragraph\"><strong><em>\u201eWir m\u00fcssen keine Angst haben\u201c\u00a0Das h\u00f6rt man oft in den Nachrichten. Doch beruhigt uns das wirklich? W\u00e4hrend wir hier in der Schule sitzen, toben in der Ukraine oder im Nahen Osten Kriege. Wir kriegen alles mit: \u00fcber\u00a0Social\u00a0Media, die Nachrichten oder durch Erz\u00e4hlungen aus der Familie.\u00a0<\/em><\/strong><\/p>\n\n\n\n<p class=\"wp-block-paragraph\">Vor allem j\u00fcngere Kinder haben Probleme, mit den aktuellen Ereignissen klarzukommen. Die meisten wachsen hier beh\u00fctet auf und werden dann schon in jungem Alter damit konfrontiert. Auch Kinder, die vielleicht aus einem unsicheren Land nach Deutschland kamen, um Schutz zu suchen, haben hier ihre neue Heimat gefunden. Doch nun kommen diese Sorgen von au\u00dferhalb zur\u00fcck: diese Konflikte, bei denen man das Gef\u00fchl hat, dass niemand wirklich hilft oder eine Antwort auf die eigenen Fragen hat.&nbsp;<\/p>\n\n\n\n<p class=\"wp-block-paragraph\">Man f\u00fchlt sich hilflos und von der Politik im Stich gelassen. Man h\u00f6rt, dass man die Wehrpflicht wieder holen m\u00f6chte, um Schutz zu bieten, aber ob wir \u00fcberhaupt in den Krieg ziehen m\u00f6chten, fragt keiner.&nbsp;<\/p>\n\n\n\n<p class=\"wp-block-paragraph\"><strong>Aber was ist die Wehrpflicht \u00fcberhaupt?<\/strong>&nbsp;&nbsp;<\/p>\n\n\n\n<p class=\"wp-block-paragraph\">Wehrpflicht bedeutet, dass der Staat junge Leute verpflichten kann, f\u00fcr eine bestimmte Zeit im Milit\u00e4r oder im Katastrophenschutz zu dienen. Diese dient zum Beispiel zum Schutz der B\u00fcrger im eigenen Land, aber auch f\u00fcr die Verb\u00fcndeten der NATO. Die NATO ist ein B\u00fcndnis, das besagt: Wenn ein Land, das Mitglied der NATO ist, angegriffen wird, eilen die anderen Mitgliedsl\u00e4nder diesem Land zu Hilfe, sei es durch milit\u00e4rische Unterst\u00fctzung oder Hilfsg\u00fcter.&nbsp;<\/p>\n\n\n\n<p class=\"wp-block-paragraph\">F\u00fcr uns ist dies gerade wichtig, da es unsere Zukunft betrifft. Die momentane Weltlage ist mit den vielen Kriegen nicht die Beste. Daher wollen viele L\u00e4nder, auch Deutschland, eine bessere Verteidigung im Ernstfall haben. Allerdings braucht es daf\u00fcr Soldaten, und diese m\u00f6chte man nun durch die Wehrpflicht gewinnen. F\u00fcr M\u00e4nner, die 2008 oder sp\u00e4ter geboren wurden, ist der Fragebogen (in dem z. B. gefragt wird, ob Interesse besteht, zur Bundeswehr zu gehen) Pflicht. Auch die erste Musterung mit Gesundheitscheck ist bei Interesse Pflicht. F\u00fcr Frauen ist dies bisher freiwillig. Allerdings wurde in den Medien sehr h\u00e4ufig gesagt, dass Deutschland dringend mehr Soldaten braucht, ob aktiv oder als Reserve. Das verunsichert viele Jugendliche extrem.&nbsp;<em>(Quelle:&nbsp;<\/em><a href=\"https:\/\/www.bundeswehr.de\/\" target=\"_blank\" rel=\"noreferrer noopener\"><em>www.bundeswehr.de<\/em><\/a><em>)<\/em>&nbsp;<\/p>\n\n\n\n<p class=\"wp-block-paragraph\">Viele Jugendliche haben Angst vor weiteren Ausschreitungen in den Konflikten. 81 Prozent der Jugendlichen und jungen Erwachsenen (12 bis 25 Jahre) geben an, Angst vor einem Krieg in Europa zu haben. Das ist eine der gr\u00f6\u00dften Sorgen dieser Generation.&nbsp;<em>(Quelle:&nbsp;<\/em><a href=\"https:\/\/www.tagesschau.de\/\" target=\"_blank\" rel=\"noreferrer noopener\"><em>www.tagesschau.de<\/em><\/a><em>)<\/em>&nbsp;<\/p>\n\n\n\n<p class=\"wp-block-paragraph\">Und das kann man manchmal auch in den Schulen merken: Kinder, die unter enormem Stress durch solche Nachrichten leiden, haben oft schlechtere Noten in der Schule. Auch ihr Verhalten kann sich \u00e4ndern; sie werden aggressiver oder ziehen sich sozial zur\u00fcck, um ein Gef\u00fchl von Sicherheit zu bekommen.&nbsp;<em>(Quelle:&nbsp;<\/em><a href=\"https:\/\/www.beate-lessmann.de\/\" target=\"_blank\" rel=\"noreferrer noopener\"><em>www.beate-lessmann.de<\/em><\/a><em>)<\/em>&nbsp;<\/p>\n\n\n\n<p class=\"wp-block-paragraph\"><strong>Aber kann man dagegen etwas tun?<\/strong>&nbsp;&nbsp;<\/p>\n\n\n\n<p class=\"wp-block-paragraph\">Kriege passieren leider, und sie zu beenden, dauert oft viel Zeit. Also, was tun? Man kann dar\u00fcber sprechen: mit Eltern, Freunden oder Lehrern. Auch Schulsozialarbeiter helfen bei solchen Sorgen, denn es ist normal, in unsicheren Zeiten Angst zu haben. Man muss nur wissen, wie man selbst am besten damit umgehen kann, und dabei k\u00f6nnen Fachkr\u00e4fte helfen. Man kann das Thema leider nicht ignorieren &#8211; und das sollte man auch nicht tun. Aber man kann lernen, damit umzugehen und sich Unterst\u00fctzung suchen.&nbsp;<\/p>\n\n\n\n<p class=\"wp-block-paragraph\"><\/p>\n","protected":false},"excerpt":{"rendered":"<p>\u201eWir m\u00fcssen keine Angst haben\u201c\u00a0Das h\u00f6rt man oft in den Nachrichten. Doch beruhigt uns das wirklich? W\u00e4hrend wir hier in der Schule sitzen, toben in der Ukraine oder im Nahen Osten Kriege. Wir kriegen alles mit: \u00fcber\u00a0Social\u00a0Media, die Nachrichten oder durch Erz\u00e4hlungen aus der Familie.\u00a0 Vor allem j\u00fcngere Kinder haben Probleme, mit den aktuellen Ereignissen [&hellip;]<\/p>\n","protected":false},"author":9,"featured_media":654,"comment_status":"open","ping_status":"open","sticky":false,"template":"","format":"standard","meta":{"footnotes":""},"categories":[9],"tags":[],"class_list":["post-619","post","type-post","status-publish","format-standard","has-post-thumbnail","hentry","category-politikundgesellschaft"],"_links":{"self":[{"href":"http:\/\/tuffistagespresse.gesamtschule-barmen.de\/index.php\/wp-json\/wp\/v2\/posts\/619","targetHints":{"allow":["GET"]}}],"collection":[{"href":"http:\/\/tuffistagespresse.gesamtschule-barmen.de\/index.php\/wp-json\/wp\/v2\/posts"}],"about":[{"href":"http:\/\/tuffistagespresse.gesamtschule-barmen.de\/index.php\/wp-json\/wp\/v2\/types\/post"}],"author":[{"embeddable":true,"href":"http:\/\/tuffistagespresse.gesamtschule-barmen.de\/index.php\/wp-json\/wp\/v2\/users\/9"}],"replies":[{"embeddable":true,"href":"http:\/\/tuffistagespresse.gesamtschule-barmen.de\/index.php\/wp-json\/wp\/v2\/comments?post=619"}],"version-history":[{"count":3,"href":"http:\/\/tuffistagespresse.gesamtschule-barmen.de\/index.php\/wp-json\/wp\/v2\/posts\/619\/revisions"}],"predecessor-version":[{"id":707,"href":"http:\/\/tuffistagespresse.gesamtschule-barmen.de\/index.php\/wp-json\/wp\/v2\/posts\/619\/revisions\/707"}],"wp:featuredmedia":[{"embeddable":true,"href":"http:\/\/tuffistagespresse.gesamtschule-barmen.de\/index.php\/wp-json\/wp\/v2\/media\/654"}],"wp:attachment":[{"href":"http:\/\/tuffistagespresse.gesamtschule-barmen.de\/index.php\/wp-json\/wp\/v2\/media?parent=619"}],"wp:term":[{"taxonomy":"category","embeddable":true,"href":"http:\/\/tuffistagespresse.gesamtschule-barmen.de\/index.php\/wp-json\/wp\/v2\/categories?post=619"},{"taxonomy":"post_tag","embeddable":true,"href":"http:\/\/tuffistagespresse.gesamtschule-barmen.de\/index.php\/wp-json\/wp\/v2\/tags?post=619"}],"curies":[{"name":"wp","href":"https:\/\/api.w.org\/{rel}","templated":true}]}}